{"id":1399,"date":"2017-11-16T19:33:56","date_gmt":"2017-11-16T19:33:56","guid":{"rendered":"https:\/\/www.balvubaznica.lv\/?p=1399"},"modified":"2017-11-16T19:33:56","modified_gmt":"2017-11-16T19:33:56","slug":"sesas-judzes-lidz-ziemassvetkiem-21-decembri-balvu-evangeliski-luteriskaja-baznica","status":"publish","type":"post","link":"https:\/\/www.balvubaznica.lv\/?p=1399","title":{"rendered":"\u201cSE\u0160AS J\u016aDZES L\u012aDZ ZIEMASSV\u0112TKIEM\u201d  21.decembr\u012b Balvu Evan\u0123\u0113liski luteriskaj\u0101 bazn\u012bc\u0101"},"content":{"rendered":"<p><a href=\"https:\/\/www.balvubaznica.lv\/?attachment_id=1397\" rel=\"attachment wp-att-1397\"><img loading=\"lazy\" decoding=\"async\" class=\"aligncenter size-full wp-image-1397\" src=\"https:\/\/www.balvubaznica.lv\/wp-content\/uploads\/2017\/11\/Sesta-Judze-webplakats-Balvi.jpg\" alt=\"\" width=\"1446\" height=\"2033\" \/><\/a><\/p>\n<p><strong>\u00a0<\/strong><strong>Grupa \u201cSEST\u0100 J\u016aDZE\u201d akustiski dv\u0113seliskaj\u0101 sv\u0113tku koncertprogramm\u0101<\/strong><\/p>\n<p><strong>\u201cSE\u0160AS J\u016aDZES L\u012aDZ ZIEMASSV\u0112TKIEM\u201d <\/strong><\/p>\n<ol start=\"21\">\n<li><strong> decembr\u012b Balvu Evan\u0123\u0113liski luteriskaj\u0101 bazn\u012bc\u0101<\/strong><\/li>\n<\/ol>\n<p>Tuvojoties gada gai\u0161\u0101kajiem sv\u0113tkiem, Latvijas titul\u0113t\u0101k\u0101 kantr\u012bm\u016bzikas grupa \u201cSest\u0101 J\u016bdze\u201d pirmo reizi savas past\u0101v\u0113\u0161anas laik\u0101 klaus\u012bt\u0101jiem sagatavojusi \u012bpa\u0161u akustisko Ziemassv\u0113tku koncertprogrammu, ar kuru Latvijas t\u016bri\u00a0 atkl\u0101s <strong>21. decembr\u012b plkst. 19:00 Balvu Evan\u0123\u0113liski luteriskaj\u0101 bazn\u012bc\u0101.<\/strong><\/p>\n<p>At\u0161\u0137ir\u012bb\u0101 no ierast\u0101 repertu\u0101ra \u00a0\u0161aj\u0101 programm\u0101 vald\u012bs dv\u0113selisks miers, kas rakstur\u012bgas tie\u0161i baltajam un klusajam gada laikam, pal\u012bdzot rad\u012bt sv\u0113tku noska\u0146ojumu, ta\u010du nezaud\u0113jot ausij t\u012bkamo kantr\u012b skan\u0113jumu.<br \/>\nJaunaj\u0101 koncertprogramm\u0101 iek\u013cautas gan grupas \u201cSest\u0101 J\u016bdze\u201d ori\u0123in\u0101ldziesmas par ziemu, sniegu un sv\u0113tku gaid\u012b\u0161anas laiku, k\u0101\u00a0 &#8211; \u201cSkumjais sniegs\u201d, \u201cT\u0101ds laiks\u201d, \u201cPirm\u0101 sniega diena\u201d, \u201cSarg\u0101 mani, m\u0101t\u201d, \u201cUpe\u201d, \u201cKlus\u0101 daba\u201d, gan ar\u012b klaus\u012bt\u0101jiem tik paz\u012bstamaj\u0101 grupas ierastaj\u0101 kantr\u012b skan\u0113jum\u0101 iet\u0113rptas tradicion\u0101l\u0101s Ziemassv\u0113tku un gar\u012bg\u0101s dziesmas, kuras labi paz\u012bstamas vis\u0101 pasaul\u0113.<\/p>\n<p>\u201cKantr\u012bm\u016bzika nenoz\u012bm\u0113 tikai smeldz\u012bgas m\u012blas bal\u0101des, dziesmas par Amerikas pr\u0113rij\u0101 m\u012bto\u0161a lauksaimnieka ikdienu, kukur\u016bzas un kokvilnas laukiem, au\u013cojo\u0161iem mustangiem, krodzi\u0146iem un jaud\u012bgiem auto. Mums ir padom\u0101 \u013coti \u012bpa\u0161as Ziemassv\u0113tku dziesmas, kuras iev\u012btas kantr\u012bm\u016bzikas noska\u0146\u0101s, \u00a0tiks izpild\u012btas \u0161aj\u0101 sv\u0113tku laik\u0101, liekot klaus\u012bt\u0101jiem kaut uz \u012bsu br\u012bdi apst\u0101ties un padom\u0101t par nopietn\u0101k\u0101m un visuvaren\u0101k\u0101m liet\u0101m,\u201d st\u0101sta grupas \u201cSest\u0101 J\u016bdze\u201d solists un dziesmu autors Agris Gedrovi\u010ds.<\/p>\n<p>&nbsp;<\/p>\n<p>Bi\u013cetes iesp\u0113jams ieg\u0101d\u0101ties \u201cBi\u013ce\u0161u Parad\u012bze\u201d kas\u0113s vis\u0101 Latvij\u0101, k\u0101 ar\u012b internet\u0101 <a href=\"http:\/\/www.bilesuparadize.lv\">www.bilesuparadize.lv<\/a>.<\/p>\n<p><strong>Ieg\u0101d\u0101joties bi\u013cetes iepriek\u0161p\u0101rdo\u0161an\u0101 \u2013 pirm\u0101s bi\u013cetes par \u012bpa\u0161u cenu 7 EUR.<\/strong> Tuvojoties Ziemassv\u0113tkiem un koncerta norises dien\u0101, bi\u013ce\u0161u cena tiks paaugstin\u0101ta! B\u0113rniem l\u012bdz 7 gadu vecumam, neaiz\u0146emot atsevi\u0161\u0137u s\u0113dvietu\u00a0 un inval\u012bdiem rati\u0146kr\u0113slos &#8211; ieeja bez maksas.<\/p>\n<p><a href=\"https:\/\/www.balvubaznica.lv\/?attachment_id=1397\" rel=\"attachment wp-att-1397\"><\/a><\/p>\n","protected":false},"excerpt":{"rendered":"<p>\u00a0Grupa \u201cSEST\u0100 J\u016aDZE\u201d akustiski dv\u0113seliskaj\u0101 sv\u0113tku koncertprogramm\u0101 \u201cSE\u0160AS J\u016aDZES L\u012aDZ ZIEMASSV\u0112TKIEM\u201d decembr\u012b Balvu Evan\u0123\u0113liski luteriskaj\u0101 bazn\u012bc\u0101 Tuvojoties gada gai\u0161\u0101kajiem sv\u0113tkiem, Latvijas titul\u0113t\u0101k\u0101 kantr\u012bm\u016bzikas grupa \u201cSest\u0101 J\u016bdze\u201d pirmo reizi savas past\u0101v\u0113\u0161anas laik\u0101 klaus\u012bt\u0101jiem sagatavojusi \u012bpa\u0161u akustisko Ziemassv\u0113tku koncertprogrammu, ar kuru Latvijas t\u016bri\u00a0 atkl\u0101s 21. decembr\u012b plkst. 19:00 Balvu Evan\u0123\u0113liski luteriskaj\u0101 bazn\u012bc\u0101. At\u0161\u0137ir\u012bb\u0101 no ierast\u0101 repertu\u0101ra \u00a0\u0161aj\u0101 &#8230;<\/p>\n<p class=\"read-more\"><a href=\"https:\/\/www.balvubaznica.lv\/?p=1399\">>>Read more<\/a><\/p>\n","protected":false},"author":2,"featured_media":0,"comment_status":"closed","ping_status":"closed","sticky":false,"template":"","format":"standard","meta":{"footnotes":""},"categories":[1],"tags":[],"class_list":["post-1399","post","type-post","status-publish","format-standard","hentry","category-uncategorized"],"_links":{"self":[{"href":"https:\/\/www.balvubaznica.lv\/index.php?rest_route=\/wp\/v2\/posts\/1399","targetHints":{"allow":["GET"]}}],"collection":[{"href":"https:\/\/www.balvubaznica.lv\/index.php?rest_route=\/wp\/v2\/posts"}],"about":[{"href":"https:\/\/www.balvubaznica.lv\/index.php?rest_route=\/wp\/v2\/types\/post"}],"author":[{"embeddable":true,"href":"https:\/\/www.balvubaznica.lv\/index.php?rest_route=\/wp\/v2\/users\/2"}],"replies":[{"embeddable":true,"href":"https:\/\/www.balvubaznica.lv\/index.php?rest_route=%2Fwp%2Fv2%2Fcomments&post=1399"}],"version-history":[{"count":2,"href":"https:\/\/www.balvubaznica.lv\/index.php?rest_route=\/wp\/v2\/posts\/1399\/revisions"}],"predecessor-version":[{"id":1401,"href":"https:\/\/www.balvubaznica.lv\/index.php?rest_route=\/wp\/v2\/posts\/1399\/revisions\/1401"}],"wp:attachment":[{"href":"https:\/\/www.balvubaznica.lv\/index.php?rest_route=%2Fwp%2Fv2%2Fmedia&parent=1399"}],"wp:term":[{"taxonomy":"category","embeddable":true,"href":"https:\/\/www.balvubaznica.lv\/index.php?rest_route=%2Fwp%2Fv2%2Fcategories&post=1399"},{"taxonomy":"post_tag","embeddable":true,"href":"https:\/\/www.balvubaznica.lv\/index.php?rest_route=%2Fwp%2Fv2%2Ftags&post=1399"}],"curies":[{"name":"wp","href":"https:\/\/api.w.org\/{rel}","templated":true}]}}